{"id":99,"date":"2019-04-01T10:32:35","date_gmt":"2019-04-01T07:32:35","guid":{"rendered":"http:\/\/wari.fi\/tapahtumat\/?p=99"},"modified":"2019-04-01T10:32:35","modified_gmt":"2019-04-01T07:32:35","slug":"vaikuttamisen-perusteet-15-4-koulutus-monikulttuuristen-yhdistysten-edustajille-ja-maahanmuuttajille","status":"publish","type":"post","link":"http:\/\/wari.fi\/tapahtumat\/2019\/04\/01\/vaikuttamisen-perusteet-15-4-koulutus-monikulttuuristen-yhdistysten-edustajille-ja-maahanmuuttajille\/","title":{"rendered":"Vaikuttamisen perusteet 15.4 -koulutus monikulttuuristen yhdistysten edustajille ja maahanmuuttajille"},"content":{"rendered":"\n<figure class=\"wp-block-image\"><img loading=\"lazy\" decoding=\"async\" width=\"940\" height=\"788\" src=\"http:\/\/wari.fi\/tapahtumat\/wp-content\/uploads\/2019\/04\/Vaikuttamisen_perusteet_Jyv\u00e4skyl\u00e4_150419_some-1.png\" alt=\"\" class=\"wp-image-100\" srcset=\"http:\/\/wari.fi\/tapahtumat\/wp-content\/uploads\/2019\/04\/Vaikuttamisen_perusteet_Jyv\u00e4skyl\u00e4_150419_some-1.png 940w, http:\/\/wari.fi\/tapahtumat\/wp-content\/uploads\/2019\/04\/Vaikuttamisen_perusteet_Jyv\u00e4skyl\u00e4_150419_some-1-300x251.png 300w, http:\/\/wari.fi\/tapahtumat\/wp-content\/uploads\/2019\/04\/Vaikuttamisen_perusteet_Jyv\u00e4skyl\u00e4_150419_some-1-768x644.png 768w\" sizes=\"(max-width: 706px) 89vw, (max-width: 767px) 82vw, 740px\" \/><figcaption> <br>KOULUTUKSEN OHJELMA<br>Vaikuttamisen perusteet koulutus monikulttuuristen yhdistysten edustajille ja maahanmuuttajille<br><br>Aika: 15.4.2019 klo 17:00-20:00. Kahvitarjoilu klo 16:30 alkaen.<br>Paikka: Kansalaistoiminnan keskus Matara, Matarankatu 6, Jyv\u00e4skyl\u00e4<br><br>KOULUTUKSEN AIKATAULU<br>Klo 16:30-17:00 Kahvitarjoilu<br>klo 17:00-17:30 Tilaisuuden avaus ja p\u00e4\u00e4tt\u00e4jien kyselytunti, paikalla kaupunginvaltuutetut Paul Abbey ja Jassin Rezai<br>klo 17:30-18:00 Mit\u00e4 on vaikuttamistoiminta? Mihin voi vaikuttaa? Miten viesti\u00e4 kannattaa vied\u00e4 eteenp\u00e4in? Oman vaikuttamisteeman tunnistaminen<br>klo 18:00-18:30 Vaikuttamista on monenlaista: vaikuttamistavat ja viestint\u00e4kanavat<br>klo 18:30-19:00 Paikallisen toimintakulttuurin tunnistaminen, vaikuttamisen oikeaaikaisuus ja verkostoituminen<br>Klo 19:00-19:30 Miten asian viemist\u00e4 eteenp\u00e4in voi auttaa k\u00e4yt\u00e4nn\u00f6n toiminnalla kansalaisena tai yhteis\u00f6n\u00e4? Klo 19:30-20:00 Keskustelua ja yhteenveto<br><br>ILMOITTAUTUMISET: http:\/\/bit.ly\/vaikuttamisen_perusteet<br><br>LIS\u00c4TIETOJA: Alicia Perho, 044 760 4607, alicia.perho@pakolaisapu.fi<br><br>Kouluttajina toimivat j\u00e4rjest\u00f6asiantuntijat Tuomas Rinne ja Alicia Perho J\u00e4rjest\u00f6hautomosta. Koulutuksessa vierailevat my\u00f6s Paul Abbey ja Jassin Rezai Jyv\u00e4skyl\u00e4n kaupunginvaltuustosta. Koulutuksen j\u00e4rjest\u00e4v\u00e4t yhteisty\u00f6ss\u00e4 Paremmin Yhdess\u00e4 ry, Keski-Suomen Monikulttuuristen Yhdistysten Liitto Wari ry ja Suomen Pakolaisavun J\u00e4rjest\u00f6hautomo. <\/figcaption><\/figure>\n","protected":false},"excerpt":{"rendered":"","protected":false},"author":1,"featured_media":0,"comment_status":"open","ping_status":"open","sticky":false,"template":"","format":"standard","meta":{"footnotes":""},"categories":[8,17,7],"tags":[],"_links":{"self":[{"href":"http:\/\/wari.fi\/tapahtumat\/wp-json\/wp\/v2\/posts\/99"}],"collection":[{"href":"http:\/\/wari.fi\/tapahtumat\/wp-json\/wp\/v2\/posts"}],"about":[{"href":"http:\/\/wari.fi\/tapahtumat\/wp-json\/wp\/v2\/types\/post"}],"author":[{"embeddable":true,"href":"http:\/\/wari.fi\/tapahtumat\/wp-json\/wp\/v2\/users\/1"}],"replies":[{"embeddable":true,"href":"http:\/\/wari.fi\/tapahtumat\/wp-json\/wp\/v2\/comments?post=99"}],"version-history":[{"count":1,"href":"http:\/\/wari.fi\/tapahtumat\/wp-json\/wp\/v2\/posts\/99\/revisions"}],"predecessor-version":[{"id":101,"href":"http:\/\/wari.fi\/tapahtumat\/wp-json\/wp\/v2\/posts\/99\/revisions\/101"}],"wp:attachment":[{"href":"http:\/\/wari.fi\/tapahtumat\/wp-json\/wp\/v2\/media?parent=99"}],"wp:term":[{"taxonomy":"category","embeddable":true,"href":"http:\/\/wari.fi\/tapahtumat\/wp-json\/wp\/v2\/categories?post=99"},{"taxonomy":"post_tag","embeddable":true,"href":"http:\/\/wari.fi\/tapahtumat\/wp-json\/wp\/v2\/tags?post=99"}],"curies":[{"name":"wp","href":"https:\/\/api.w.org\/{rel}","templated":true}]}}