{"id":90,"date":"2019-03-05T15:05:11","date_gmt":"2019-03-05T13:05:11","guid":{"rendered":"http:\/\/wari.fi\/tapahtumat\/?p=90"},"modified":"2019-03-05T15:05:11","modified_gmt":"2019-03-05T13:05:11","slug":"turvallinen-jyvaskyla-seminaari","status":"publish","type":"post","link":"http:\/\/wari.fi\/tapahtumat\/2019\/03\/05\/turvallinen-jyvaskyla-seminaari\/","title":{"rendered":"Turvallinen Jyv\u00e4skyl\u00e4 -seminaari"},"content":{"rendered":"\n<figure class=\"wp-block-image\"><img loading=\"lazy\" decoding=\"async\" width=\"724\" height=\"1024\" src=\"http:\/\/wari.fi\/tapahtumat\/wp-content\/uploads\/2019\/03\/Turvallinen-Jyv\u00e4skyl\u00e4-seminaari-mainos-724x1024.jpg\" alt=\"\" class=\"wp-image-91\" srcset=\"http:\/\/wari.fi\/tapahtumat\/wp-content\/uploads\/2019\/03\/Turvallinen-Jyv\u00e4skyl\u00e4-seminaari-mainos-724x1024.jpg 724w, http:\/\/wari.fi\/tapahtumat\/wp-content\/uploads\/2019\/03\/Turvallinen-Jyv\u00e4skyl\u00e4-seminaari-mainos-212x300.jpg 212w, http:\/\/wari.fi\/tapahtumat\/wp-content\/uploads\/2019\/03\/Turvallinen-Jyv\u00e4skyl\u00e4-seminaari-mainos-768x1086.jpg 768w, http:\/\/wari.fi\/tapahtumat\/wp-content\/uploads\/2019\/03\/Turvallinen-Jyv\u00e4skyl\u00e4-seminaari-mainos.jpg 794w\" sizes=\"(max-width: 724px) 100vw, 724px\" \/><figcaption>Ilmoittaudu t\u00e4st\u00e4 linkist\u00e4: https:\/\/docs.google.com\/forms\/d\/e\/1FAIpQLSe-h5qp9SFeGBuiy1Cv8JrGHWIWGVmaBjCnDNreB53ha0ZujQ\/viewform?usp=sf_link<br><br><\/figcaption><\/figure>\n","protected":false},"excerpt":{"rendered":"","protected":false},"author":1,"featured_media":0,"comment_status":"open","ping_status":"open","sticky":false,"template":"","format":"standard","meta":{"footnotes":""},"categories":[8,11,12],"tags":[],"_links":{"self":[{"href":"http:\/\/wari.fi\/tapahtumat\/wp-json\/wp\/v2\/posts\/90"}],"collection":[{"href":"http:\/\/wari.fi\/tapahtumat\/wp-json\/wp\/v2\/posts"}],"about":[{"href":"http:\/\/wari.fi\/tapahtumat\/wp-json\/wp\/v2\/types\/post"}],"author":[{"embeddable":true,"href":"http:\/\/wari.fi\/tapahtumat\/wp-json\/wp\/v2\/users\/1"}],"replies":[{"embeddable":true,"href":"http:\/\/wari.fi\/tapahtumat\/wp-json\/wp\/v2\/comments?post=90"}],"version-history":[{"count":1,"href":"http:\/\/wari.fi\/tapahtumat\/wp-json\/wp\/v2\/posts\/90\/revisions"}],"predecessor-version":[{"id":92,"href":"http:\/\/wari.fi\/tapahtumat\/wp-json\/wp\/v2\/posts\/90\/revisions\/92"}],"wp:attachment":[{"href":"http:\/\/wari.fi\/tapahtumat\/wp-json\/wp\/v2\/media?parent=90"}],"wp:term":[{"taxonomy":"category","embeddable":true,"href":"http:\/\/wari.fi\/tapahtumat\/wp-json\/wp\/v2\/categories?post=90"},{"taxonomy":"post_tag","embeddable":true,"href":"http:\/\/wari.fi\/tapahtumat\/wp-json\/wp\/v2\/tags?post=90"}],"curies":[{"name":"wp","href":"https:\/\/api.w.org\/{rel}","templated":true}]}}