{"id":67,"date":"2018-12-19T10:28:29","date_gmt":"2018-12-19T08:28:29","guid":{"rendered":"http:\/\/wari.fi\/tapahtumat\/?p=67"},"modified":"2018-12-19T10:31:24","modified_gmt":"2018-12-19T08:31:24","slug":"tyollistynyt-vai-ei-seminaari-maahan-muuttaneiden-ihmisten-tyollistymisesta-keski-suomessa-5-10-2018","status":"publish","type":"post","link":"http:\/\/wari.fi\/tapahtumat\/2018\/12\/19\/tyollistynyt-vai-ei-seminaari-maahan-muuttaneiden-ihmisten-tyollistymisesta-keski-suomessa-5-10-2018\/","title":{"rendered":"TY\u00d6LLISTYNYT VAI EI? seminaari maahan muuttaneiden ihmisten ty\u00f6llistymisest\u00e4 Keski-Suomessa 5.10.2018"},"content":{"rendered":"\n<figure class=\"wp-block-image\"><img loading=\"lazy\" decoding=\"async\" width=\"724\" height=\"1024\" src=\"http:\/\/wari.fi\/tapahtumat\/wp-content\/uploads\/2018\/12\/Seminaari-esite-UUSI-724x1024.jpg\" alt=\"\" class=\"wp-image-68\" srcset=\"http:\/\/wari.fi\/tapahtumat\/wp-content\/uploads\/2018\/12\/Seminaari-esite-UUSI-724x1024.jpg 724w, http:\/\/wari.fi\/tapahtumat\/wp-content\/uploads\/2018\/12\/Seminaari-esite-UUSI-212x300.jpg 212w, http:\/\/wari.fi\/tapahtumat\/wp-content\/uploads\/2018\/12\/Seminaari-esite-UUSI-768x1086.jpg 768w, http:\/\/wari.fi\/tapahtumat\/wp-content\/uploads\/2018\/12\/Seminaari-esite-UUSI.jpg 794w\" sizes=\"(max-width: 724px) 100vw, 724px\" \/><\/figure>\n","protected":false},"excerpt":{"rendered":"","protected":false},"author":1,"featured_media":0,"comment_status":"open","ping_status":"open","sticky":false,"template":"","format":"standard","meta":{"footnotes":""},"categories":[1],"tags":[],"_links":{"self":[{"href":"http:\/\/wari.fi\/tapahtumat\/wp-json\/wp\/v2\/posts\/67"}],"collection":[{"href":"http:\/\/wari.fi\/tapahtumat\/wp-json\/wp\/v2\/posts"}],"about":[{"href":"http:\/\/wari.fi\/tapahtumat\/wp-json\/wp\/v2\/types\/post"}],"author":[{"embeddable":true,"href":"http:\/\/wari.fi\/tapahtumat\/wp-json\/wp\/v2\/users\/1"}],"replies":[{"embeddable":true,"href":"http:\/\/wari.fi\/tapahtumat\/wp-json\/wp\/v2\/comments?post=67"}],"version-history":[{"count":2,"href":"http:\/\/wari.fi\/tapahtumat\/wp-json\/wp\/v2\/posts\/67\/revisions"}],"predecessor-version":[{"id":70,"href":"http:\/\/wari.fi\/tapahtumat\/wp-json\/wp\/v2\/posts\/67\/revisions\/70"}],"wp:attachment":[{"href":"http:\/\/wari.fi\/tapahtumat\/wp-json\/wp\/v2\/media?parent=67"}],"wp:term":[{"taxonomy":"category","embeddable":true,"href":"http:\/\/wari.fi\/tapahtumat\/wp-json\/wp\/v2\/categories?post=67"},{"taxonomy":"post_tag","embeddable":true,"href":"http:\/\/wari.fi\/tapahtumat\/wp-json\/wp\/v2\/tags?post=67"}],"curies":[{"name":"wp","href":"https:\/\/api.w.org\/{rel}","templated":true}]}}