{"id":137,"date":"2020-06-03T14:06:53","date_gmt":"2020-06-03T11:06:53","guid":{"rendered":"http:\/\/wari.fi\/tapahtumat\/?p=137"},"modified":"2020-06-03T14:06:53","modified_gmt":"2020-06-03T11:06:53","slug":"kufu-hankkeen-virtuaalinayttely","status":"publish","type":"post","link":"http:\/\/wari.fi\/tapahtumat\/2020\/06\/03\/kufu-hankkeen-virtuaalinayttely\/","title":{"rendered":"Kufu -hankkeen virtuaalin\u00e4yttely"},"content":{"rendered":"\n<figure class=\"wp-block-image\"><img loading=\"lazy\" decoding=\"async\" width=\"1024\" height=\"499\" src=\"http:\/\/wari.fi\/tapahtumat\/wp-content\/uploads\/2020\/06\/WhatsApp-Image-2020-06-03-at-14.05.43-1024x499.jpeg\" alt=\"\" class=\"wp-image-138\" srcset=\"http:\/\/wari.fi\/tapahtumat\/wp-content\/uploads\/2020\/06\/WhatsApp-Image-2020-06-03-at-14.05.43-1024x499.jpeg 1024w, http:\/\/wari.fi\/tapahtumat\/wp-content\/uploads\/2020\/06\/WhatsApp-Image-2020-06-03-at-14.05.43-300x146.jpeg 300w, http:\/\/wari.fi\/tapahtumat\/wp-content\/uploads\/2020\/06\/WhatsApp-Image-2020-06-03-at-14.05.43-768x374.jpeg 768w, http:\/\/wari.fi\/tapahtumat\/wp-content\/uploads\/2020\/06\/WhatsApp-Image-2020-06-03-at-14.05.43.jpeg 1600w\" sizes=\"(max-width: 706px) 89vw, (max-width: 767px) 82vw, 740px\" \/><\/figure>\n\n\n\n<p>Tervetuloa katsomaan Kufu -hankkeen virtuaalin\u00e4yttely\u00e4! Kufu -hanke on p\u00e4\u00e4ttym\u00e4isill\u00e4\u00e4n, ja n\u00e4yttely kertoo kuvin ja sanoin hankkeen upeasta matkasta. Alla olevasta linkist\u00e4 p\u00e4\u00e4set nauttimaan n\u00e4yttelyst\u00e4 \ud83d\ude42<\/p>\n\n\n\n<p>Welcome to look Kufu -project&#8217;s virtual exhibition! Kufu -project is at it&#8217;s end, and the exhibition shows their wonderful journey through pictures and words. The link to the exhibition is below \ud83d\ude42<\/p>\n\n\n\n<p><a href=\"https:\/\/myalbum.com\/album\/nzKVyvMgx4h3?fbclid=IwAR3h_mHdBAdoq1N2BIQ-wszFuNxxikJ-n0yR8fd92gALW7imi1ZVU2q_Mxw\">https:\/\/myalbum.com\/album\/nzKVyvMgx4h3?fbclid=IwAR3h_mHdBAdoq1N2BIQ-wszFuNxxikJ-n0yR8fd92gALW7imi1ZVU2q_Mxw<\/a><\/p>\n","protected":false},"excerpt":{"rendered":"<p>Tervetuloa katsomaan Kufu -hankkeen virtuaalin\u00e4yttely\u00e4! Kufu -hanke on p\u00e4\u00e4ttym\u00e4isill\u00e4\u00e4n, ja n\u00e4yttely kertoo kuvin ja sanoin hankkeen upeasta matkasta. Alla olevasta linkist\u00e4 p\u00e4\u00e4set nauttimaan n\u00e4yttelyst\u00e4 \ud83d\ude42 Welcome to look Kufu -project&#8217;s virtual exhibition! Kufu -project is at it&#8217;s end, and the exhibition shows their wonderful journey through pictures and words. The link to the exhibition is &hellip; <\/p>\n<p class=\"link-more\"><a href=\"http:\/\/wari.fi\/tapahtumat\/2020\/06\/03\/kufu-hankkeen-virtuaalinayttely\/\" class=\"more-link\">Jatka lukemista<span class=\"screen-reader-text\"> &#8221;Kufu -hankkeen virtuaalin\u00e4yttely&#8221;<\/span><\/a><\/p>\n","protected":false},"author":1,"featured_media":0,"comment_status":"open","ping_status":"open","sticky":false,"template":"","format":"standard","meta":{"footnotes":""},"categories":[30,31,8,32],"tags":[],"_links":{"self":[{"href":"http:\/\/wari.fi\/tapahtumat\/wp-json\/wp\/v2\/posts\/137"}],"collection":[{"href":"http:\/\/wari.fi\/tapahtumat\/wp-json\/wp\/v2\/posts"}],"about":[{"href":"http:\/\/wari.fi\/tapahtumat\/wp-json\/wp\/v2\/types\/post"}],"author":[{"embeddable":true,"href":"http:\/\/wari.fi\/tapahtumat\/wp-json\/wp\/v2\/users\/1"}],"replies":[{"embeddable":true,"href":"http:\/\/wari.fi\/tapahtumat\/wp-json\/wp\/v2\/comments?post=137"}],"version-history":[{"count":1,"href":"http:\/\/wari.fi\/tapahtumat\/wp-json\/wp\/v2\/posts\/137\/revisions"}],"predecessor-version":[{"id":139,"href":"http:\/\/wari.fi\/tapahtumat\/wp-json\/wp\/v2\/posts\/137\/revisions\/139"}],"wp:attachment":[{"href":"http:\/\/wari.fi\/tapahtumat\/wp-json\/wp\/v2\/media?parent=137"}],"wp:term":[{"taxonomy":"category","embeddable":true,"href":"http:\/\/wari.fi\/tapahtumat\/wp-json\/wp\/v2\/categories?post=137"},{"taxonomy":"post_tag","embeddable":true,"href":"http:\/\/wari.fi\/tapahtumat\/wp-json\/wp\/v2\/tags?post=137"}],"curies":[{"name":"wp","href":"https:\/\/api.w.org\/{rel}","templated":true}]}}