{"id":1,"date":"2018-04-20T09:00:11","date_gmt":"2018-04-20T06:00:11","guid":{"rendered":"http:\/\/wari.fi\/tapahtumat\/?p=1"},"modified":"2018-12-10T12:20:16","modified_gmt":"2018-12-10T10:20:16","slug":"kotoutunut-vai-ei","status":"publish","type":"post","link":"http:\/\/wari.fi\/tapahtumat\/2018\/04\/20\/kotoutunut-vai-ei\/","title":{"rendered":"KOTOUTUNUT VAI EI?"},"content":{"rendered":"\n<p><strong>20.4 klo 9 \u2013 14 Kaupunginkirjaston Minnansalissa<\/strong><br>Kotoutumisen onnistumiset ja haasteet Keski-Suomessa.<br>Ollaanko Keski-Suomessa onnistuttu kotouttamisessa? Mik\u00e4 on onnistunut ja mik\u00e4 ei? Pit\u00e4isik\u00f6 jotain muuttaa ja miten? Mik\u00e4 est\u00e4\u00e4 ihmist\u00e4 kotoutumasta?<br>Paneelin puhujina muun muassa:<br>Paul Abbey, Wari ry\/Kotona Jyv\u00e4skyl\u00e4ss\u00e4<br>Arja Sepp\u00e4l\u00e4, Monikulttuurikeskus Gloria ry<br>Emmanuel Sibomana, Paremmin Yhdess\u00e4 ry<br>Elina Hienola, Jyv\u00e4skyl\u00e4n kaupungin Kotoutumispalvelut<br>Sari P\u00f6yh\u00f6nen, Jyv\u00e4skyl\u00e4n Yliopisto, tutkimusalueina maahanmuutto- ja kotouttamispolitiikka<br>Tapani M\u00e4ki, Keski-Suomen maakuntavaltuuston PS- ryhm\u00e4n puheenjohtaja, Jyv\u00e4skyl\u00e4n kaupunginvaltuusto<br>Satu Paasonen, Jyv\u00e4skyl\u00e4n kaupungin Nuorisopalvelut<br>Tule kuuntelemaan paneelikeskustelua ja osallistu ty\u00f6pajoihin kotoutumisesta panelistien kanssa 20.4 klo 9 \u2013 14 Kaupunginkirjaston Minnansalissa. Klo 9 alkaa ilmoittautuminen ja klo 10 ohjelma.<br><strong>Ilmoittautuminen 18.4 menness\u00e4 osoitteeseen&nbsp;<a href=\"mailto:wari.jyvaskyla@gmail.com\">wari.jyvaskyla@gmail.com<\/a><\/strong><br>Ilmoitathan nimesi, tahon jota edustat sek\u00e4 mahdollisen erityisruokavalion ja allergiat. Lis\u00e4tietoa paneelista ja ty\u00f6pajoista tulee l\u00e4hemp\u00e4n\u00e4 tapahtumaa.<\/p>\n","protected":false},"excerpt":{"rendered":"<p>20.4 klo 9 \u2013 14 Kaupunginkirjaston MinnansalissaKotoutumisen onnistumiset ja haasteet Keski-Suomessa.Ollaanko Keski-Suomessa onnistuttu kotouttamisessa? Mik\u00e4 on onnistunut ja mik\u00e4 ei? Pit\u00e4isik\u00f6 jotain muuttaa ja miten? Mik\u00e4 est\u00e4\u00e4 ihmist\u00e4 kotoutumasta?Paneelin puhujina muun muassa:Paul Abbey, Wari ry\/Kotona Jyv\u00e4skyl\u00e4ss\u00e4Arja Sepp\u00e4l\u00e4, Monikulttuurikeskus Gloria ryEmmanuel Sibomana, Paremmin Yhdess\u00e4 ryElina Hienola, Jyv\u00e4skyl\u00e4n kaupungin KotoutumispalvelutSari P\u00f6yh\u00f6nen, Jyv\u00e4skyl\u00e4n Yliopisto, tutkimusalueina maahanmuutto- ja kotouttamispolitiikkaTapani &hellip; <\/p>\n<p class=\"link-more\"><a href=\"http:\/\/wari.fi\/tapahtumat\/2018\/04\/20\/kotoutunut-vai-ei\/\" class=\"more-link\">Jatka lukemista<span class=\"screen-reader-text\"> &#8221;KOTOUTUNUT VAI EI?&#8221;<\/span><\/a><\/p>\n","protected":false},"author":1,"featured_media":0,"comment_status":"open","ping_status":"open","sticky":false,"template":"","format":"standard","meta":{"footnotes":""},"categories":[1],"tags":[],"_links":{"self":[{"href":"http:\/\/wari.fi\/tapahtumat\/wp-json\/wp\/v2\/posts\/1"}],"collection":[{"href":"http:\/\/wari.fi\/tapahtumat\/wp-json\/wp\/v2\/posts"}],"about":[{"href":"http:\/\/wari.fi\/tapahtumat\/wp-json\/wp\/v2\/types\/post"}],"author":[{"embeddable":true,"href":"http:\/\/wari.fi\/tapahtumat\/wp-json\/wp\/v2\/users\/1"}],"replies":[{"embeddable":true,"href":"http:\/\/wari.fi\/tapahtumat\/wp-json\/wp\/v2\/comments?post=1"}],"version-history":[{"count":3,"href":"http:\/\/wari.fi\/tapahtumat\/wp-json\/wp\/v2\/posts\/1\/revisions"}],"predecessor-version":[{"id":47,"href":"http:\/\/wari.fi\/tapahtumat\/wp-json\/wp\/v2\/posts\/1\/revisions\/47"}],"wp:attachment":[{"href":"http:\/\/wari.fi\/tapahtumat\/wp-json\/wp\/v2\/media?parent=1"}],"wp:term":[{"taxonomy":"category","embeddable":true,"href":"http:\/\/wari.fi\/tapahtumat\/wp-json\/wp\/v2\/categories?post=1"},{"taxonomy":"post_tag","embeddable":true,"href":"http:\/\/wari.fi\/tapahtumat\/wp-json\/wp\/v2\/tags?post=1"}],"curies":[{"name":"wp","href":"https:\/\/api.w.org\/{rel}","templated":true}]}}